{"id":547,"date":"2020-11-19T00:11:00","date_gmt":"2020-11-19T00:11:00","guid":{"rendered":"https:\/\/garinetiquetas.com\/blog\/?p=547"},"modified":"2023-07-28T17:45:50","modified_gmt":"2023-07-28T17:45:50","slug":"etiquetas-para-cosmeticos","status":"publish","type":"post","link":"https:\/\/garinetiquetas.com\/blog\/2020\/11\/19\/etiquetas-para-cosmeticos\/","title":{"rendered":"Etiquetas para cosm\u00e9ticos"},"content":{"rendered":"\r\n<h3 class=\"wp-block-heading\"><strong>Destaca tus productos de belleza y cosm\u00e9ticos con un buen etiquetado<\/strong><\/h3>\r\n\r\n\r\n\r\n<p>\u00bfHas escuchado el dicho \u201c<strong><em>como te ven, te tratan<\/em><\/strong>\u201d? Entonces conoces de la importancia de una primera y buena impresi\u00f3n\u2026 y no s\u00f3lo hablamos de las apariencias sino de las\u00a0<strong>etiquetas<\/strong>\u00a0que son parte de los\u00a0<strong><a href=\"https:\/\/garinetiquetas.com\/etiquetas-de-productos-cosmeticos-y-cuidado-personal.html\" target=\"_blank\" rel=\"noreferrer noopener\">productos de belleza<\/a><\/strong>\u00a0que comercializas.<\/p>\r\n\r\n\r\n\r\n<p><!--more--><\/p>\r\n\r\n\r\n\r\n<p>Un buen dise\u00f1o y elecci\u00f3n de las\u00a0<strong><a href=\"https:\/\/garinetiquetas.com\/etiquetas-de-productos-cosmeticos-y-cuidado-personal.html\" target=\"_blank\" rel=\"noreferrer noopener\">etiquetas para cosm\u00e9ticos<\/a><\/strong>\u00a0es fundamental para que tus art\u00edculos sobresalgan de los productos de la competencia.<\/p>\r\n\r\n\r\n\r\n<p>El mercado de los cosm\u00e9ticos ha ido en crecimiento en los \u00faltimos a\u00f1os, se ha modificado y adaptado a los nuevos est\u00e1ndares de belleza, as\u00ed como de la producci\u00f3n e inclusi\u00f3n de ingredientes\u00a0<strong><em>ecofriendly<\/em><\/strong>.<\/p>\r\n\r\n\r\n\r\n<figure class=\"wp-block-image size-large\"><img fetchpriority=\"high\" decoding=\"async\" width=\"1024\" height=\"587\" class=\"wp-image-895\" src=\"https:\/\/garinetiquetas.com\/blog\/wp-content\/uploads\/2019\/11\/45050884-4a33-47cc-84ab-317c3b0ee5c0-1024x587.jpg\" alt=\"\" srcset=\"https:\/\/garinetiquetas.com\/blog\/wp-content\/uploads\/2019\/11\/45050884-4a33-47cc-84ab-317c3b0ee5c0-1024x587.jpg 1024w, https:\/\/garinetiquetas.com\/blog\/wp-content\/uploads\/2019\/11\/45050884-4a33-47cc-84ab-317c3b0ee5c0-300x172.jpg 300w, https:\/\/garinetiquetas.com\/blog\/wp-content\/uploads\/2019\/11\/45050884-4a33-47cc-84ab-317c3b0ee5c0-768x440.jpg 768w, https:\/\/garinetiquetas.com\/blog\/wp-content\/uploads\/2019\/11\/45050884-4a33-47cc-84ab-317c3b0ee5c0.jpg 1200w\" sizes=\"(max-width: 1024px) 100vw, 1024px\" \/><\/figure>\r\n\r\n\r\n\r\n<p>Pero este crecimiento tambi\u00e9n ha tra\u00eddo m\u00e1s competidores. \u00bfC\u00f3mo hacer que tus productos resalten? La respuesta es f\u00e1cil: con un\u00a0<strong>dise\u00f1o de empaques atractivos<\/strong>\u00a0y de la mano de tu arma secreta:\u00a0<strong><a href=\"https:\/\/garinetiquetas.com\/etiquetas-de-productos-cosmeticos-y-cuidado-personal.html\" target=\"_blank\" rel=\"noreferrer noopener\">etiquetas para cosm\u00e9ticos y productos de belleza<\/a><\/strong>\u00a0bien hechos.<\/p>\r\n\r\n\r\n\r\n<p>Te recomendamos emplear<strong>\u00a0<a href=\"https:\/\/garinetiquetas.com\/materiales-etiquetas-adhesivas.html\">etiquetas adhesivas<\/a> que llamen la atenci\u00f3n de los consumidores y transmitan el mensaje correcto.<\/strong>\u00a0El tipo de\u00a0<strong>etiqueta<\/strong>\u00a0que emplees ser\u00e1 de suma importancia ya que tienen el poder de transmitir elegancia, sofisticaci\u00f3n o calidad dependiendo del tipo, el\u00a0<strong>dise\u00f1o<\/strong>\u00a0y el\u00a0<strong>elementodecorativo<\/strong>\u00a0que elijas para tus\u00a0<strong>etiquetas<\/strong>.<\/p>\r\n\r\n\r\n\r\n<p>Puedes darle un giro diferente y emplear la\u00a0<strong>t\u00e9cnica<\/strong>\u00a0de\u00a0<strong>serigraf\u00eda<\/strong>\u00a0para hacer de la imagen de tu producto algo mucho m\u00e1s elegante y visible. Otro recurso que te ayudar\u00e1 a sobresalir es la\u00a0<strong>etiqueta tipo\u00a0<em>stamping<\/em><\/strong>\u00a0que te ayudar\u00e1 a que los empaques de tus cosm\u00e9ticos sobresalgan por el relieve y el brillo adicional que dar\u00e1n un toque premium y de valor a\u00f1adido.<\/p>\r\n\r\n\r\n\r\n<p>Recuerda que tambi\u00e9n puedes jugar con las\u00a0<strong>texturas<\/strong>, al ser\u00a0<strong>productos de belleza<\/strong>\u00a0y\u00a0<strong>cosm\u00e9ticos<\/strong>\u00a0tienes m\u00e1s libertad para conectar con los consumidores a trav\u00e9s del tacto y la vista. Utiliza\u00a0<a href=\"https:\/\/garinetiquetas.com\/etiquetas-autoadheribles\"><strong>etiquetas<\/strong>\u00a0<strong>autoadheribles<\/strong><\/a>\u00a0<strong>de terciopelo<\/strong>\u00a0para darle al empaque suavidad.<\/p>\r\n\r\n\r\n\r\n<p>Si quieres apartarte de la competencia, y tener productos con\u00a0<strong>etiquetas de calidad<\/strong>,\u00a0<strong>resistentes<\/strong>\u00a0y\u00a0<strong>originales<\/strong>, en\u00a0<strong><em>Gar\u00edn Etiquetas<\/em><\/strong>\u00a0tenemos la soluci\u00f3n a todas tus preguntas y problemas de etiquetado.<\/p>\r\n\r\n\r\n\r\n<p>Conf\u00eda en nuestra experiencia y calidad, nuestros acabados y efectos de alto brillo, satinados o mate transformar\u00e1n tus etiquetas para cosm\u00e9ticos de una apariencia regular a un\u00a0<strong>producto extraordinario<\/strong>.\u00a0<\/p>\r\n\r\n\r\n\r\n<figure class=\"wp-block-image size-large\"><img decoding=\"async\" width=\"1024\" height=\"587\" class=\"wp-image-894\" src=\"https:\/\/garinetiquetas.com\/blog\/wp-content\/uploads\/2019\/11\/641087af-142e-424e-92d0-37dfa5ad97f8-1024x587.jpg\" alt=\"\" srcset=\"https:\/\/garinetiquetas.com\/blog\/wp-content\/uploads\/2019\/11\/641087af-142e-424e-92d0-37dfa5ad97f8-1024x587.jpg 1024w, https:\/\/garinetiquetas.com\/blog\/wp-content\/uploads\/2019\/11\/641087af-142e-424e-92d0-37dfa5ad97f8-300x172.jpg 300w, https:\/\/garinetiquetas.com\/blog\/wp-content\/uploads\/2019\/11\/641087af-142e-424e-92d0-37dfa5ad97f8-768x440.jpg 768w, https:\/\/garinetiquetas.com\/blog\/wp-content\/uploads\/2019\/11\/641087af-142e-424e-92d0-37dfa5ad97f8.jpg 1200w\" sizes=\"(max-width: 1024px) 100vw, 1024px\" \/><\/figure>\r\n\r\n\r\n\r\n<p>En\u00a0<a href=\"https:\/\/www.garinetiquetas.com\/\"><strong>Garin Etiquetas<\/strong><\/a>\u00a0trabajamos con las mejores\u00a0<a href=\"https:\/\/garinetiquetas.com\/etiquetas-autoadheribles\"><strong>etiquetas<\/strong>\u00a0<strong>autoadheribles<\/strong><\/a>\u00a0para que tu producto cuente con todas las caracter\u00edsticas para resaltarlos. Comun\u00edcate a los Tel: 55.6725.0240 \/ 55.6725.0241<\/p>\r\n","protected":false},"excerpt":{"rendered":"<p>Descubre recomendaciones de etiquetas para productos de belleza y cosm\u00e9ticos y la importancia que tienen en la imagen de tus productos.<\/p>\n","protected":false},"author":1,"featured_media":893,"comment_status":"open","ping_status":"closed","sticky":false,"template":"","format":"standard","meta":{"_joinchat":[],"footnotes":""},"categories":[1],"tags":[],"class_list":["post-547","post","type-post","status-publish","format-standard","has-post-thumbnail","hentry","category-etiquetas"],"yoast_head":"<!-- This site is optimized with the Yoast SEO Premium plugin v25.6 (Yoast SEO v27.5) - https:\/\/yoast.com\/product\/yoast-seo-premium-wordpress\/ -->\n<title>Etiquetas para cosm\u00e9ticos - Gar\u00edn etiquetas<\/title>\n<meta name=\"description\" content=\"Etiquetas para cosm\u00e9ticos, Destaca tus productos de belleza y cosm\u00e9ticos con un buen etiquetado\" \/>\n<meta name=\"robots\" content=\"index, follow, max-snippet:-1, max-image-preview:large, max-video-preview:-1\" \/>\n<link rel=\"canonical\" href=\"https:\/\/garinetiquetas.com\/blog\/2020\/11\/19\/etiquetas-para-cosmeticos\/\" \/>\n<meta property=\"og:locale\" content=\"es_ES\" \/>\n<meta property=\"og:type\" content=\"article\" \/>\n<meta property=\"og:title\" content=\"Etiquetas para cosm\u00e9ticos\" \/>\n<meta property=\"og:description\" content=\"Etiquetas para cosm\u00e9ticos, Destaca tus productos de belleza y cosm\u00e9ticos con un buen etiquetado\" \/>\n<meta property=\"og:url\" content=\"https:\/\/garinetiquetas.com\/blog\/2020\/11\/19\/etiquetas-para-cosmeticos\/\" \/>\n<meta property=\"og:site_name\" content=\"Gar\u00edn Etiquetas\" \/>\n<meta property=\"article:published_time\" content=\"2020-11-19T00:11:00+00:00\" \/>\n<meta property=\"article:modified_time\" content=\"2023-07-28T17:45:50+00:00\" \/>\n<meta property=\"og:image\" content=\"https:\/\/garinetiquetas.com\/blog\/wp-content\/uploads\/2019\/11\/32e7cd81-2b25-4c85-bd19-6ed4b391750c.jpg\" \/>\n\t<meta property=\"og:image:width\" content=\"1200\" \/>\n\t<meta property=\"og:image:height\" content=\"688\" \/>\n\t<meta property=\"og:image:type\" content=\"image\/jpeg\" \/>\n<meta name=\"author\" content=\"garin\" \/>\n<meta name=\"twitter:card\" content=\"summary_large_image\" \/>\n<meta name=\"twitter:label1\" content=\"Escrito por\" \/>\n\t<meta name=\"twitter:data1\" content=\"garin\" \/>\n\t<meta name=\"twitter:label2\" content=\"Tiempo de lectura\" \/>\n\t<meta name=\"twitter:data2\" content=\"3 minutos\" \/>\n<script type=\"application\/ld+json\" class=\"yoast-schema-graph\">{\"@context\":\"https:\\\/\\\/schema.org\",\"@graph\":[{\"@type\":\"Article\",\"@id\":\"https:\\\/\\\/garinetiquetas.com\\\/blog\\\/2020\\\/11\\\/19\\\/etiquetas-para-cosmeticos\\\/#article\",\"isPartOf\":{\"@id\":\"https:\\\/\\\/garinetiquetas.com\\\/blog\\\/2020\\\/11\\\/19\\\/etiquetas-para-cosmeticos\\\/\"},\"author\":{\"name\":\"garin\",\"@id\":\"https:\\\/\\\/garinetiquetas.com\\\/blog\\\/#\\\/schema\\\/person\\\/c5674262190938f7cadc119f02b54858\"},\"headline\":\"Etiquetas para cosm\u00e9ticos\",\"datePublished\":\"2020-11-19T00:11:00+00:00\",\"dateModified\":\"2023-07-28T17:45:50+00:00\",\"mainEntityOfPage\":{\"@id\":\"https:\\\/\\\/garinetiquetas.com\\\/blog\\\/2020\\\/11\\\/19\\\/etiquetas-para-cosmeticos\\\/\"},\"wordCount\":431,\"commentCount\":0,\"image\":{\"@id\":\"https:\\\/\\\/garinetiquetas.com\\\/blog\\\/2020\\\/11\\\/19\\\/etiquetas-para-cosmeticos\\\/#primaryimage\"},\"thumbnailUrl\":\"https:\\\/\\\/garinetiquetas.com\\\/blog\\\/wp-content\\\/uploads\\\/2019\\\/11\\\/32e7cd81-2b25-4c85-bd19-6ed4b391750c.jpg\",\"articleSection\":[\"Etiquetas\"],\"inLanguage\":\"es\",\"potentialAction\":[{\"@type\":\"CommentAction\",\"name\":\"Comment\",\"target\":[\"https:\\\/\\\/garinetiquetas.com\\\/blog\\\/2020\\\/11\\\/19\\\/etiquetas-para-cosmeticos\\\/#respond\"]}]},{\"@type\":\"WebPage\",\"@id\":\"https:\\\/\\\/garinetiquetas.com\\\/blog\\\/2020\\\/11\\\/19\\\/etiquetas-para-cosmeticos\\\/\",\"url\":\"https:\\\/\\\/garinetiquetas.com\\\/blog\\\/2020\\\/11\\\/19\\\/etiquetas-para-cosmeticos\\\/\",\"name\":\"Etiquetas para cosm\u00e9ticos - Gar\u00edn etiquetas\",\"isPartOf\":{\"@id\":\"https:\\\/\\\/garinetiquetas.com\\\/blog\\\/#website\"},\"primaryImageOfPage\":{\"@id\":\"https:\\\/\\\/garinetiquetas.com\\\/blog\\\/2020\\\/11\\\/19\\\/etiquetas-para-cosmeticos\\\/#primaryimage\"},\"image\":{\"@id\":\"https:\\\/\\\/garinetiquetas.com\\\/blog\\\/2020\\\/11\\\/19\\\/etiquetas-para-cosmeticos\\\/#primaryimage\"},\"thumbnailUrl\":\"https:\\\/\\\/garinetiquetas.com\\\/blog\\\/wp-content\\\/uploads\\\/2019\\\/11\\\/32e7cd81-2b25-4c85-bd19-6ed4b391750c.jpg\",\"datePublished\":\"2020-11-19T00:11:00+00:00\",\"dateModified\":\"2023-07-28T17:45:50+00:00\",\"author\":{\"@id\":\"https:\\\/\\\/garinetiquetas.com\\\/blog\\\/#\\\/schema\\\/person\\\/c5674262190938f7cadc119f02b54858\"},\"description\":\"Etiquetas para cosm\u00e9ticos, Destaca tus productos de belleza y cosm\u00e9ticos con un buen etiquetado\",\"breadcrumb\":{\"@id\":\"https:\\\/\\\/garinetiquetas.com\\\/blog\\\/2020\\\/11\\\/19\\\/etiquetas-para-cosmeticos\\\/#breadcrumb\"},\"inLanguage\":\"es\",\"potentialAction\":[{\"@type\":\"ReadAction\",\"target\":[\"https:\\\/\\\/garinetiquetas.com\\\/blog\\\/2020\\\/11\\\/19\\\/etiquetas-para-cosmeticos\\\/\"]}]},{\"@type\":\"ImageObject\",\"inLanguage\":\"es\",\"@id\":\"https:\\\/\\\/garinetiquetas.com\\\/blog\\\/2020\\\/11\\\/19\\\/etiquetas-para-cosmeticos\\\/#primaryimage\",\"url\":\"https:\\\/\\\/garinetiquetas.com\\\/blog\\\/wp-content\\\/uploads\\\/2019\\\/11\\\/32e7cd81-2b25-4c85-bd19-6ed4b391750c.jpg\",\"contentUrl\":\"https:\\\/\\\/garinetiquetas.com\\\/blog\\\/wp-content\\\/uploads\\\/2019\\\/11\\\/32e7cd81-2b25-4c85-bd19-6ed4b391750c.jpg\",\"width\":1200,\"height\":688},{\"@type\":\"BreadcrumbList\",\"@id\":\"https:\\\/\\\/garinetiquetas.com\\\/blog\\\/2020\\\/11\\\/19\\\/etiquetas-para-cosmeticos\\\/#breadcrumb\",\"itemListElement\":[{\"@type\":\"ListItem\",\"position\":1,\"name\":\"Portada\",\"item\":\"https:\\\/\\\/garinetiquetas.com\\\/blog\\\/\"},{\"@type\":\"ListItem\",\"position\":2,\"name\":\"Etiquetas para cosm\u00e9ticos\"}]},{\"@type\":\"WebSite\",\"@id\":\"https:\\\/\\\/garinetiquetas.com\\\/blog\\\/#website\",\"url\":\"https:\\\/\\\/garinetiquetas.com\\\/blog\\\/\",\"name\":\"Gar\u00edn Etiquetas\",\"description\":\"Especialistas en la fabricaci\u00f3n de etiquetas\",\"potentialAction\":[{\"@type\":\"SearchAction\",\"target\":{\"@type\":\"EntryPoint\",\"urlTemplate\":\"https:\\\/\\\/garinetiquetas.com\\\/blog\\\/?s={search_term_string}\"},\"query-input\":{\"@type\":\"PropertyValueSpecification\",\"valueRequired\":true,\"valueName\":\"search_term_string\"}}],\"inLanguage\":\"es\"},{\"@type\":\"Person\",\"@id\":\"https:\\\/\\\/garinetiquetas.com\\\/blog\\\/#\\\/schema\\\/person\\\/c5674262190938f7cadc119f02b54858\",\"name\":\"garin\",\"image\":{\"@type\":\"ImageObject\",\"inLanguage\":\"es\",\"@id\":\"https:\\\/\\\/secure.gravatar.com\\\/avatar\\\/7e3fd632d65ce2ab2c296c297120be7406be2f179acaf8af4ea1911af5edaae9?s=96&d=mm&r=g\",\"url\":\"https:\\\/\\\/secure.gravatar.com\\\/avatar\\\/7e3fd632d65ce2ab2c296c297120be7406be2f179acaf8af4ea1911af5edaae9?s=96&d=mm&r=g\",\"contentUrl\":\"https:\\\/\\\/secure.gravatar.com\\\/avatar\\\/7e3fd632d65ce2ab2c296c297120be7406be2f179acaf8af4ea1911af5edaae9?s=96&d=mm&r=g\",\"caption\":\"garin\"},\"url\":\"https:\\\/\\\/garinetiquetas.com\\\/blog\\\/author\\\/garin\\\/\"}]}<\/script>\n<!-- \/ Yoast SEO Premium plugin. -->","yoast_head_json":{"title":"Etiquetas para cosm\u00e9ticos - Gar\u00edn etiquetas","description":"Etiquetas para cosm\u00e9ticos, Destaca tus productos de belleza y cosm\u00e9ticos con un buen etiquetado","robots":{"index":"index","follow":"follow","max-snippet":"max-snippet:-1","max-image-preview":"max-image-preview:large","max-video-preview":"max-video-preview:-1"},"canonical":"https:\/\/garinetiquetas.com\/blog\/2020\/11\/19\/etiquetas-para-cosmeticos\/","og_locale":"es_ES","og_type":"article","og_title":"Etiquetas para cosm\u00e9ticos","og_description":"Etiquetas para cosm\u00e9ticos, Destaca tus productos de belleza y cosm\u00e9ticos con un buen etiquetado","og_url":"https:\/\/garinetiquetas.com\/blog\/2020\/11\/19\/etiquetas-para-cosmeticos\/","og_site_name":"Gar\u00edn Etiquetas","article_published_time":"2020-11-19T00:11:00+00:00","article_modified_time":"2023-07-28T17:45:50+00:00","og_image":[{"width":1200,"height":688,"url":"https:\/\/garinetiquetas.com\/blog\/wp-content\/uploads\/2019\/11\/32e7cd81-2b25-4c85-bd19-6ed4b391750c.jpg","type":"image\/jpeg"}],"author":"garin","twitter_card":"summary_large_image","twitter_misc":{"Escrito por":"garin","Tiempo de lectura":"3 minutos"},"schema":{"@context":"https:\/\/schema.org","@graph":[{"@type":"Article","@id":"https:\/\/garinetiquetas.com\/blog\/2020\/11\/19\/etiquetas-para-cosmeticos\/#article","isPartOf":{"@id":"https:\/\/garinetiquetas.com\/blog\/2020\/11\/19\/etiquetas-para-cosmeticos\/"},"author":{"name":"garin","@id":"https:\/\/garinetiquetas.com\/blog\/#\/schema\/person\/c5674262190938f7cadc119f02b54858"},"headline":"Etiquetas para cosm\u00e9ticos","datePublished":"2020-11-19T00:11:00+00:00","dateModified":"2023-07-28T17:45:50+00:00","mainEntityOfPage":{"@id":"https:\/\/garinetiquetas.com\/blog\/2020\/11\/19\/etiquetas-para-cosmeticos\/"},"wordCount":431,"commentCount":0,"image":{"@id":"https:\/\/garinetiquetas.com\/blog\/2020\/11\/19\/etiquetas-para-cosmeticos\/#primaryimage"},"thumbnailUrl":"https:\/\/garinetiquetas.com\/blog\/wp-content\/uploads\/2019\/11\/32e7cd81-2b25-4c85-bd19-6ed4b391750c.jpg","articleSection":["Etiquetas"],"inLanguage":"es","potentialAction":[{"@type":"CommentAction","name":"Comment","target":["https:\/\/garinetiquetas.com\/blog\/2020\/11\/19\/etiquetas-para-cosmeticos\/#respond"]}]},{"@type":"WebPage","@id":"https:\/\/garinetiquetas.com\/blog\/2020\/11\/19\/etiquetas-para-cosmeticos\/","url":"https:\/\/garinetiquetas.com\/blog\/2020\/11\/19\/etiquetas-para-cosmeticos\/","name":"Etiquetas para cosm\u00e9ticos - Gar\u00edn etiquetas","isPartOf":{"@id":"https:\/\/garinetiquetas.com\/blog\/#website"},"primaryImageOfPage":{"@id":"https:\/\/garinetiquetas.com\/blog\/2020\/11\/19\/etiquetas-para-cosmeticos\/#primaryimage"},"image":{"@id":"https:\/\/garinetiquetas.com\/blog\/2020\/11\/19\/etiquetas-para-cosmeticos\/#primaryimage"},"thumbnailUrl":"https:\/\/garinetiquetas.com\/blog\/wp-content\/uploads\/2019\/11\/32e7cd81-2b25-4c85-bd19-6ed4b391750c.jpg","datePublished":"2020-11-19T00:11:00+00:00","dateModified":"2023-07-28T17:45:50+00:00","author":{"@id":"https:\/\/garinetiquetas.com\/blog\/#\/schema\/person\/c5674262190938f7cadc119f02b54858"},"description":"Etiquetas para cosm\u00e9ticos, Destaca tus productos de belleza y cosm\u00e9ticos con un buen etiquetado","breadcrumb":{"@id":"https:\/\/garinetiquetas.com\/blog\/2020\/11\/19\/etiquetas-para-cosmeticos\/#breadcrumb"},"inLanguage":"es","potentialAction":[{"@type":"ReadAction","target":["https:\/\/garinetiquetas.com\/blog\/2020\/11\/19\/etiquetas-para-cosmeticos\/"]}]},{"@type":"ImageObject","inLanguage":"es","@id":"https:\/\/garinetiquetas.com\/blog\/2020\/11\/19\/etiquetas-para-cosmeticos\/#primaryimage","url":"https:\/\/garinetiquetas.com\/blog\/wp-content\/uploads\/2019\/11\/32e7cd81-2b25-4c85-bd19-6ed4b391750c.jpg","contentUrl":"https:\/\/garinetiquetas.com\/blog\/wp-content\/uploads\/2019\/11\/32e7cd81-2b25-4c85-bd19-6ed4b391750c.jpg","width":1200,"height":688},{"@type":"BreadcrumbList","@id":"https:\/\/garinetiquetas.com\/blog\/2020\/11\/19\/etiquetas-para-cosmeticos\/#breadcrumb","itemListElement":[{"@type":"ListItem","position":1,"name":"Portada","item":"https:\/\/garinetiquetas.com\/blog\/"},{"@type":"ListItem","position":2,"name":"Etiquetas para cosm\u00e9ticos"}]},{"@type":"WebSite","@id":"https:\/\/garinetiquetas.com\/blog\/#website","url":"https:\/\/garinetiquetas.com\/blog\/","name":"Gar\u00edn Etiquetas","description":"Especialistas en la fabricaci\u00f3n de etiquetas","potentialAction":[{"@type":"SearchAction","target":{"@type":"EntryPoint","urlTemplate":"https:\/\/garinetiquetas.com\/blog\/?s={search_term_string}"},"query-input":{"@type":"PropertyValueSpecification","valueRequired":true,"valueName":"search_term_string"}}],"inLanguage":"es"},{"@type":"Person","@id":"https:\/\/garinetiquetas.com\/blog\/#\/schema\/person\/c5674262190938f7cadc119f02b54858","name":"garin","image":{"@type":"ImageObject","inLanguage":"es","@id":"https:\/\/secure.gravatar.com\/avatar\/7e3fd632d65ce2ab2c296c297120be7406be2f179acaf8af4ea1911af5edaae9?s=96&d=mm&r=g","url":"https:\/\/secure.gravatar.com\/avatar\/7e3fd632d65ce2ab2c296c297120be7406be2f179acaf8af4ea1911af5edaae9?s=96&d=mm&r=g","contentUrl":"https:\/\/secure.gravatar.com\/avatar\/7e3fd632d65ce2ab2c296c297120be7406be2f179acaf8af4ea1911af5edaae9?s=96&d=mm&r=g","caption":"garin"},"url":"https:\/\/garinetiquetas.com\/blog\/author\/garin\/"}]}},"_links":{"self":[{"href":"https:\/\/garinetiquetas.com\/blog\/wp-json\/wp\/v2\/posts\/547","targetHints":{"allow":["GET"]}}],"collection":[{"href":"https:\/\/garinetiquetas.com\/blog\/wp-json\/wp\/v2\/posts"}],"about":[{"href":"https:\/\/garinetiquetas.com\/blog\/wp-json\/wp\/v2\/types\/post"}],"author":[{"embeddable":true,"href":"https:\/\/garinetiquetas.com\/blog\/wp-json\/wp\/v2\/users\/1"}],"replies":[{"embeddable":true,"href":"https:\/\/garinetiquetas.com\/blog\/wp-json\/wp\/v2\/comments?post=547"}],"version-history":[{"count":10,"href":"https:\/\/garinetiquetas.com\/blog\/wp-json\/wp\/v2\/posts\/547\/revisions"}],"predecessor-version":[{"id":1548,"href":"https:\/\/garinetiquetas.com\/blog\/wp-json\/wp\/v2\/posts\/547\/revisions\/1548"}],"wp:featuredmedia":[{"embeddable":true,"href":"https:\/\/garinetiquetas.com\/blog\/wp-json\/wp\/v2\/media\/893"}],"wp:attachment":[{"href":"https:\/\/garinetiquetas.com\/blog\/wp-json\/wp\/v2\/media?parent=547"}],"wp:term":[{"taxonomy":"category","embeddable":true,"href":"https:\/\/garinetiquetas.com\/blog\/wp-json\/wp\/v2\/categories?post=547"},{"taxonomy":"post_tag","embeddable":true,"href":"https:\/\/garinetiquetas.com\/blog\/wp-json\/wp\/v2\/tags?post=547"}],"curies":[{"name":"wp","href":"https:\/\/api.w.org\/{rel}","templated":true}]}}