{"id":633,"date":"2020-01-31T23:04:45","date_gmt":"2020-01-31T23:04:45","guid":{"rendered":"https:\/\/garinetiquetas.com\/blog\/?p=633"},"modified":"2022-12-16T17:40:26","modified_gmt":"2022-12-16T17:40:26","slug":"etiquetas-para-cosmeticos-2","status":"publish","type":"post","link":"https:\/\/garinetiquetas.com\/blog\/2020\/01\/31\/etiquetas-para-cosmeticos-2\/","title":{"rendered":"Etiquetas para cosm\u00e9ticos"},"content":{"rendered":"\n<h3 class=\"wp-block-heading\"><strong>4 consejos para crear etiquetas para cosm\u00e9ticos que atraigan a tus clientes<\/strong><\/h3>\n\n\n\n<p>\u00bfSabes qu\u00e9 diferencia una mala etiqueta de una buena? La respuesta es muy f\u00e1cil: las&nbsp;<strong>buenas etiquetas<\/strong> son aquellas capaces de&nbsp;<strong>llamar la atenci\u00f3n del consumidor<\/strong> y adem\u00e1s&nbsp;<strong>proveer informaci\u00f3n relevante<\/strong> sobre el producto que se est\u00e1 vendiendo.<\/p>\n\n\n\n<!--more-->\n\n\n\n<p>Uno de los giros m\u00e1s competidos con un&nbsp;<strong>buen etiquetado<\/strong>es el de los cosm\u00e9ticos y art\u00edculos de cuidado personal. Si vendes shampoo, cremas faciales o corporales, acondicionadores, perfumes o maquillaje; es muy probable que te est\u00e9s rompiendo la cabeza para hacer resaltar tu mercanc\u00eda de la diferencia.<\/p>\n\n\n\n<p>Recuerda que un factor importante es el uso de&nbsp;<strong>etiquetas adhesivas personalizadas<\/strong>, esto har\u00e1 que se cree un v\u00ednculo con el consumidor. Es por esto por lo que en&nbsp;<strong>Gar\u00edn Etiquetas<\/strong> te daremos 4 consejos f\u00e1ciles y b\u00e1sicos para que dise\u00f1es una&nbsp;<strong>etiqueta incre\u00edble<\/strong>.<\/p>\n\n\n\n<figure class=\"wp-block-image\"><img fetchpriority=\"high\" decoding=\"async\" width=\"1024\" height=\"587\" src=\"https:\/\/garinetiquetas.com\/blog\/wp-content\/uploads\/2020\/01\/1ca7f070-e3ff-4880-8e01-14c44f1bba77-1024x587.jpg\" alt=\"\" class=\"wp-image-635\" srcset=\"https:\/\/garinetiquetas.com\/blog\/wp-content\/uploads\/2020\/01\/1ca7f070-e3ff-4880-8e01-14c44f1bba77-1024x587.jpg 1024w, https:\/\/garinetiquetas.com\/blog\/wp-content\/uploads\/2020\/01\/1ca7f070-e3ff-4880-8e01-14c44f1bba77-300x172.jpg 300w, https:\/\/garinetiquetas.com\/blog\/wp-content\/uploads\/2020\/01\/1ca7f070-e3ff-4880-8e01-14c44f1bba77-768x440.jpg 768w, https:\/\/garinetiquetas.com\/blog\/wp-content\/uploads\/2020\/01\/1ca7f070-e3ff-4880-8e01-14c44f1bba77-600x344.jpg 600w, https:\/\/garinetiquetas.com\/blog\/wp-content\/uploads\/2020\/01\/1ca7f070-e3ff-4880-8e01-14c44f1bba77.jpg 1200w\" sizes=\"(max-width: 1024px) 100vw, 1024px\" \/><\/figure>\n\n\n\n<h3 class=\"wp-block-heading\"><strong>&nbsp;Consejos para crear una buena etiqueta para cosm\u00e9ticos<\/strong><\/h3>\n\n\n\n<p><strong>1. El color lo es todo<\/strong><\/p>\n\n\n\n<p>El&nbsp;<strong>color de tus etiquetas<\/strong> comunica mucho m\u00e1s r\u00e1pido que las palabras. Ayuda al consumidor a identificar la marca, brinda la confianza que est\u00e1 comprando un producto original y muestra la calidad del contenido.<\/p>\n\n\n\n<p><strong>2. Utiliza im\u00e1genes<\/strong><\/p>\n\n\n\n<p>Colocar im\u00e1genes con colores adecuados har\u00e1n que tus&nbsp;<strong>etiquetas<\/strong> se conviertan en algo mucho m\u00e1s interesante para la vista del consumidor, a diferencia de una etiqueta que s\u00f3lo tenga texto.&nbsp; Debe existir un balance entre los textos y las im\u00e1genes.<\/p>\n\n\n\n<p><strong>3. S\u00e9 claro<\/strong><\/p>\n\n\n\n<p>Al comercializar&nbsp;<strong>productos cosm\u00e9ticos<\/strong> o de cuidado personal es de suma importancia que los textos sean lo m\u00e1s claro posibles. Debes emplear una fuente clara, es decir, que el&nbsp;<strong>texto sea f\u00e1cil de leer<\/strong>, a media o corta distancia.&nbsp;<\/p>\n\n\n\n<p><strong>4. Material, forma y tama\u00f1o<\/strong><\/p>\n\n\n\n<p>Lo primero a considerar es sobre qu\u00e9 material se van a imprimir las&nbsp;<strong>etiquetas<\/strong> y sobre qu\u00e9 superficie se pegar\u00e1n. \u00bfSer\u00e1n botellas de pl\u00e1stico para shampoos? \u00bfO una caja que contenga adentro maquillaje? No importa c\u00f3mo quieras presentar tu producto, s\u00f3lo aseg\u00farate de tener una&nbsp;<strong>etiqueta<\/strong> que vaya con el material que utilizas para vender tu mercanc\u00eda.<\/p>\n\n\n\n<p>\u00bfYa pensaste en el dise\u00f1o de tus etiquetas? En&nbsp;<strong>Gar\u00edn Etiquetas<\/strong> atenderemos todas tus dudas y te asesoraremos para que tus&nbsp;<strong>etiquetas de cosm\u00e9ticos y art\u00edculos de cuidado personal<\/strong> se destaquen dentro de la competencia.&nbsp;&nbsp;&nbsp;&nbsp;&nbsp;&nbsp;&nbsp;&nbsp;&nbsp;<\/p>\n\n\n\n<figure class=\"wp-block-image\"><img decoding=\"async\" width=\"1024\" height=\"587\" src=\"https:\/\/garinetiquetas.com\/blog\/wp-content\/uploads\/2020\/01\/0c2d8885-f0fd-4f74-aa3e-d6596742dce3-1024x587.jpg\" alt=\"\" class=\"wp-image-634\" srcset=\"https:\/\/garinetiquetas.com\/blog\/wp-content\/uploads\/2020\/01\/0c2d8885-f0fd-4f74-aa3e-d6596742dce3-1024x587.jpg 1024w, https:\/\/garinetiquetas.com\/blog\/wp-content\/uploads\/2020\/01\/0c2d8885-f0fd-4f74-aa3e-d6596742dce3-300x172.jpg 300w, https:\/\/garinetiquetas.com\/blog\/wp-content\/uploads\/2020\/01\/0c2d8885-f0fd-4f74-aa3e-d6596742dce3-768x440.jpg 768w, https:\/\/garinetiquetas.com\/blog\/wp-content\/uploads\/2020\/01\/0c2d8885-f0fd-4f74-aa3e-d6596742dce3-600x344.jpg 600w, https:\/\/garinetiquetas.com\/blog\/wp-content\/uploads\/2020\/01\/0c2d8885-f0fd-4f74-aa3e-d6596742dce3.jpg 1200w\" sizes=\"(max-width: 1024px) 100vw, 1024px\" \/><\/figure>\n","protected":false},"excerpt":{"rendered":"<p>Te compartimos 4 consejos \u00fatiles para un buen etiquetado de cosm\u00e9ticos y productos de cuidado personal.<\/p>\n","protected":false},"author":1,"featured_media":637,"comment_status":"open","ping_status":"closed","sticky":false,"template":"","format":"standard","meta":{"_joinchat":[],"footnotes":""},"categories":[1],"tags":[],"class_list":["post-633","post","type-post","status-publish","format-standard","has-post-thumbnail","hentry","category-etiquetas"],"yoast_head":"<!-- This site is optimized with the Yoast SEO Premium plugin v25.6 (Yoast SEO v27.5) - https:\/\/yoast.com\/product\/yoast-seo-premium-wordpress\/ -->\n<title>Etiquetas para cosm\u00e9ticos, parte 2<\/title>\n<meta name=\"description\" content=\"Las buenas etiquetas son aquellas capaces de llamar la atenci\u00f3n del consumidor y adem\u00e1s proveer informaci\u00f3n relevante sobre el producto\" \/>\n<meta name=\"robots\" content=\"index, follow, max-snippet:-1, max-image-preview:large, max-video-preview:-1\" \/>\n<link rel=\"canonical\" href=\"https:\/\/garinetiquetas.com\/blog\/2020\/01\/31\/etiquetas-para-cosmeticos-2\/\" \/>\n<meta property=\"og:locale\" content=\"es_ES\" \/>\n<meta property=\"og:type\" content=\"article\" \/>\n<meta property=\"og:title\" content=\"Etiquetas para cosm\u00e9ticos\" \/>\n<meta property=\"og:description\" content=\"Las buenas etiquetas son aquellas capaces de llamar la atenci\u00f3n del consumidor y adem\u00e1s proveer informaci\u00f3n relevante sobre el producto\" \/>\n<meta property=\"og:url\" content=\"https:\/\/garinetiquetas.com\/blog\/2020\/01\/31\/etiquetas-para-cosmeticos-2\/\" \/>\n<meta property=\"og:site_name\" content=\"Gar\u00edn Etiquetas\" \/>\n<meta property=\"article:published_time\" content=\"2020-01-31T23:04:45+00:00\" \/>\n<meta property=\"article:modified_time\" content=\"2022-12-16T17:40:26+00:00\" \/>\n<meta property=\"og:image\" content=\"https:\/\/garinetiquetas.com\/blog\/wp-content\/uploads\/2020\/01\/a7722406-7bc6-46dd-b3a0-d8a86eebb239.jpg\" \/>\n\t<meta property=\"og:image:width\" content=\"1200\" \/>\n\t<meta property=\"og:image:height\" content=\"688\" \/>\n\t<meta property=\"og:image:type\" content=\"image\/jpeg\" \/>\n<meta name=\"author\" content=\"garin\" \/>\n<meta name=\"twitter:card\" content=\"summary_large_image\" \/>\n<meta name=\"twitter:label1\" content=\"Escrito por\" \/>\n\t<meta name=\"twitter:data1\" content=\"garin\" \/>\n\t<meta name=\"twitter:label2\" content=\"Tiempo de lectura\" \/>\n\t<meta name=\"twitter:data2\" content=\"3 minutos\" \/>\n<script type=\"application\/ld+json\" class=\"yoast-schema-graph\">{\"@context\":\"https:\\\/\\\/schema.org\",\"@graph\":[{\"@type\":\"Article\",\"@id\":\"https:\\\/\\\/garinetiquetas.com\\\/blog\\\/2020\\\/01\\\/31\\\/etiquetas-para-cosmeticos-2\\\/#article\",\"isPartOf\":{\"@id\":\"https:\\\/\\\/garinetiquetas.com\\\/blog\\\/2020\\\/01\\\/31\\\/etiquetas-para-cosmeticos-2\\\/\"},\"author\":{\"name\":\"garin\",\"@id\":\"https:\\\/\\\/garinetiquetas.com\\\/blog\\\/#\\\/schema\\\/person\\\/c5674262190938f7cadc119f02b54858\"},\"headline\":\"Etiquetas para cosm\u00e9ticos\",\"datePublished\":\"2020-01-31T23:04:45+00:00\",\"dateModified\":\"2022-12-16T17:40:26+00:00\",\"mainEntityOfPage\":{\"@id\":\"https:\\\/\\\/garinetiquetas.com\\\/blog\\\/2020\\\/01\\\/31\\\/etiquetas-para-cosmeticos-2\\\/\"},\"wordCount\":436,\"commentCount\":0,\"image\":{\"@id\":\"https:\\\/\\\/garinetiquetas.com\\\/blog\\\/2020\\\/01\\\/31\\\/etiquetas-para-cosmeticos-2\\\/#primaryimage\"},\"thumbnailUrl\":\"https:\\\/\\\/garinetiquetas.com\\\/blog\\\/wp-content\\\/uploads\\\/2020\\\/01\\\/a7722406-7bc6-46dd-b3a0-d8a86eebb239.jpg\",\"articleSection\":[\"Etiquetas\"],\"inLanguage\":\"es\",\"potentialAction\":[{\"@type\":\"CommentAction\",\"name\":\"Comment\",\"target\":[\"https:\\\/\\\/garinetiquetas.com\\\/blog\\\/2020\\\/01\\\/31\\\/etiquetas-para-cosmeticos-2\\\/#respond\"]}]},{\"@type\":\"WebPage\",\"@id\":\"https:\\\/\\\/garinetiquetas.com\\\/blog\\\/2020\\\/01\\\/31\\\/etiquetas-para-cosmeticos-2\\\/\",\"url\":\"https:\\\/\\\/garinetiquetas.com\\\/blog\\\/2020\\\/01\\\/31\\\/etiquetas-para-cosmeticos-2\\\/\",\"name\":\"Etiquetas para cosm\u00e9ticos, parte 2\",\"isPartOf\":{\"@id\":\"https:\\\/\\\/garinetiquetas.com\\\/blog\\\/#website\"},\"primaryImageOfPage\":{\"@id\":\"https:\\\/\\\/garinetiquetas.com\\\/blog\\\/2020\\\/01\\\/31\\\/etiquetas-para-cosmeticos-2\\\/#primaryimage\"},\"image\":{\"@id\":\"https:\\\/\\\/garinetiquetas.com\\\/blog\\\/2020\\\/01\\\/31\\\/etiquetas-para-cosmeticos-2\\\/#primaryimage\"},\"thumbnailUrl\":\"https:\\\/\\\/garinetiquetas.com\\\/blog\\\/wp-content\\\/uploads\\\/2020\\\/01\\\/a7722406-7bc6-46dd-b3a0-d8a86eebb239.jpg\",\"datePublished\":\"2020-01-31T23:04:45+00:00\",\"dateModified\":\"2022-12-16T17:40:26+00:00\",\"author\":{\"@id\":\"https:\\\/\\\/garinetiquetas.com\\\/blog\\\/#\\\/schema\\\/person\\\/c5674262190938f7cadc119f02b54858\"},\"description\":\"Las buenas etiquetas son aquellas capaces de llamar la atenci\u00f3n del consumidor y adem\u00e1s proveer informaci\u00f3n relevante sobre el producto\",\"breadcrumb\":{\"@id\":\"https:\\\/\\\/garinetiquetas.com\\\/blog\\\/2020\\\/01\\\/31\\\/etiquetas-para-cosmeticos-2\\\/#breadcrumb\"},\"inLanguage\":\"es\",\"potentialAction\":[{\"@type\":\"ReadAction\",\"target\":[\"https:\\\/\\\/garinetiquetas.com\\\/blog\\\/2020\\\/01\\\/31\\\/etiquetas-para-cosmeticos-2\\\/\"]}]},{\"@type\":\"ImageObject\",\"inLanguage\":\"es\",\"@id\":\"https:\\\/\\\/garinetiquetas.com\\\/blog\\\/2020\\\/01\\\/31\\\/etiquetas-para-cosmeticos-2\\\/#primaryimage\",\"url\":\"https:\\\/\\\/garinetiquetas.com\\\/blog\\\/wp-content\\\/uploads\\\/2020\\\/01\\\/a7722406-7bc6-46dd-b3a0-d8a86eebb239.jpg\",\"contentUrl\":\"https:\\\/\\\/garinetiquetas.com\\\/blog\\\/wp-content\\\/uploads\\\/2020\\\/01\\\/a7722406-7bc6-46dd-b3a0-d8a86eebb239.jpg\",\"width\":1200,\"height\":688},{\"@type\":\"BreadcrumbList\",\"@id\":\"https:\\\/\\\/garinetiquetas.com\\\/blog\\\/2020\\\/01\\\/31\\\/etiquetas-para-cosmeticos-2\\\/#breadcrumb\",\"itemListElement\":[{\"@type\":\"ListItem\",\"position\":1,\"name\":\"Portada\",\"item\":\"https:\\\/\\\/garinetiquetas.com\\\/blog\\\/\"},{\"@type\":\"ListItem\",\"position\":2,\"name\":\"Etiquetas para cosm\u00e9ticos\"}]},{\"@type\":\"WebSite\",\"@id\":\"https:\\\/\\\/garinetiquetas.com\\\/blog\\\/#website\",\"url\":\"https:\\\/\\\/garinetiquetas.com\\\/blog\\\/\",\"name\":\"Gar\u00edn Etiquetas\",\"description\":\"Especialistas en la fabricaci\u00f3n de etiquetas\",\"potentialAction\":[{\"@type\":\"SearchAction\",\"target\":{\"@type\":\"EntryPoint\",\"urlTemplate\":\"https:\\\/\\\/garinetiquetas.com\\\/blog\\\/?s={search_term_string}\"},\"query-input\":{\"@type\":\"PropertyValueSpecification\",\"valueRequired\":true,\"valueName\":\"search_term_string\"}}],\"inLanguage\":\"es\"},{\"@type\":\"Person\",\"@id\":\"https:\\\/\\\/garinetiquetas.com\\\/blog\\\/#\\\/schema\\\/person\\\/c5674262190938f7cadc119f02b54858\",\"name\":\"garin\",\"image\":{\"@type\":\"ImageObject\",\"inLanguage\":\"es\",\"@id\":\"https:\\\/\\\/secure.gravatar.com\\\/avatar\\\/7e3fd632d65ce2ab2c296c297120be7406be2f179acaf8af4ea1911af5edaae9?s=96&d=mm&r=g\",\"url\":\"https:\\\/\\\/secure.gravatar.com\\\/avatar\\\/7e3fd632d65ce2ab2c296c297120be7406be2f179acaf8af4ea1911af5edaae9?s=96&d=mm&r=g\",\"contentUrl\":\"https:\\\/\\\/secure.gravatar.com\\\/avatar\\\/7e3fd632d65ce2ab2c296c297120be7406be2f179acaf8af4ea1911af5edaae9?s=96&d=mm&r=g\",\"caption\":\"garin\"},\"url\":\"https:\\\/\\\/garinetiquetas.com\\\/blog\\\/author\\\/garin\\\/\"}]}<\/script>\n<!-- \/ Yoast SEO Premium plugin. -->","yoast_head_json":{"title":"Etiquetas para cosm\u00e9ticos, parte 2","description":"Las buenas etiquetas son aquellas capaces de llamar la atenci\u00f3n del consumidor y adem\u00e1s proveer informaci\u00f3n relevante sobre el producto","robots":{"index":"index","follow":"follow","max-snippet":"max-snippet:-1","max-image-preview":"max-image-preview:large","max-video-preview":"max-video-preview:-1"},"canonical":"https:\/\/garinetiquetas.com\/blog\/2020\/01\/31\/etiquetas-para-cosmeticos-2\/","og_locale":"es_ES","og_type":"article","og_title":"Etiquetas para cosm\u00e9ticos","og_description":"Las buenas etiquetas son aquellas capaces de llamar la atenci\u00f3n del consumidor y adem\u00e1s proveer informaci\u00f3n relevante sobre el producto","og_url":"https:\/\/garinetiquetas.com\/blog\/2020\/01\/31\/etiquetas-para-cosmeticos-2\/","og_site_name":"Gar\u00edn Etiquetas","article_published_time":"2020-01-31T23:04:45+00:00","article_modified_time":"2022-12-16T17:40:26+00:00","og_image":[{"width":1200,"height":688,"url":"https:\/\/garinetiquetas.com\/blog\/wp-content\/uploads\/2020\/01\/a7722406-7bc6-46dd-b3a0-d8a86eebb239.jpg","type":"image\/jpeg"}],"author":"garin","twitter_card":"summary_large_image","twitter_misc":{"Escrito por":"garin","Tiempo de lectura":"3 minutos"},"schema":{"@context":"https:\/\/schema.org","@graph":[{"@type":"Article","@id":"https:\/\/garinetiquetas.com\/blog\/2020\/01\/31\/etiquetas-para-cosmeticos-2\/#article","isPartOf":{"@id":"https:\/\/garinetiquetas.com\/blog\/2020\/01\/31\/etiquetas-para-cosmeticos-2\/"},"author":{"name":"garin","@id":"https:\/\/garinetiquetas.com\/blog\/#\/schema\/person\/c5674262190938f7cadc119f02b54858"},"headline":"Etiquetas para cosm\u00e9ticos","datePublished":"2020-01-31T23:04:45+00:00","dateModified":"2022-12-16T17:40:26+00:00","mainEntityOfPage":{"@id":"https:\/\/garinetiquetas.com\/blog\/2020\/01\/31\/etiquetas-para-cosmeticos-2\/"},"wordCount":436,"commentCount":0,"image":{"@id":"https:\/\/garinetiquetas.com\/blog\/2020\/01\/31\/etiquetas-para-cosmeticos-2\/#primaryimage"},"thumbnailUrl":"https:\/\/garinetiquetas.com\/blog\/wp-content\/uploads\/2020\/01\/a7722406-7bc6-46dd-b3a0-d8a86eebb239.jpg","articleSection":["Etiquetas"],"inLanguage":"es","potentialAction":[{"@type":"CommentAction","name":"Comment","target":["https:\/\/garinetiquetas.com\/blog\/2020\/01\/31\/etiquetas-para-cosmeticos-2\/#respond"]}]},{"@type":"WebPage","@id":"https:\/\/garinetiquetas.com\/blog\/2020\/01\/31\/etiquetas-para-cosmeticos-2\/","url":"https:\/\/garinetiquetas.com\/blog\/2020\/01\/31\/etiquetas-para-cosmeticos-2\/","name":"Etiquetas para cosm\u00e9ticos, parte 2","isPartOf":{"@id":"https:\/\/garinetiquetas.com\/blog\/#website"},"primaryImageOfPage":{"@id":"https:\/\/garinetiquetas.com\/blog\/2020\/01\/31\/etiquetas-para-cosmeticos-2\/#primaryimage"},"image":{"@id":"https:\/\/garinetiquetas.com\/blog\/2020\/01\/31\/etiquetas-para-cosmeticos-2\/#primaryimage"},"thumbnailUrl":"https:\/\/garinetiquetas.com\/blog\/wp-content\/uploads\/2020\/01\/a7722406-7bc6-46dd-b3a0-d8a86eebb239.jpg","datePublished":"2020-01-31T23:04:45+00:00","dateModified":"2022-12-16T17:40:26+00:00","author":{"@id":"https:\/\/garinetiquetas.com\/blog\/#\/schema\/person\/c5674262190938f7cadc119f02b54858"},"description":"Las buenas etiquetas son aquellas capaces de llamar la atenci\u00f3n del consumidor y adem\u00e1s proveer informaci\u00f3n relevante sobre el producto","breadcrumb":{"@id":"https:\/\/garinetiquetas.com\/blog\/2020\/01\/31\/etiquetas-para-cosmeticos-2\/#breadcrumb"},"inLanguage":"es","potentialAction":[{"@type":"ReadAction","target":["https:\/\/garinetiquetas.com\/blog\/2020\/01\/31\/etiquetas-para-cosmeticos-2\/"]}]},{"@type":"ImageObject","inLanguage":"es","@id":"https:\/\/garinetiquetas.com\/blog\/2020\/01\/31\/etiquetas-para-cosmeticos-2\/#primaryimage","url":"https:\/\/garinetiquetas.com\/blog\/wp-content\/uploads\/2020\/01\/a7722406-7bc6-46dd-b3a0-d8a86eebb239.jpg","contentUrl":"https:\/\/garinetiquetas.com\/blog\/wp-content\/uploads\/2020\/01\/a7722406-7bc6-46dd-b3a0-d8a86eebb239.jpg","width":1200,"height":688},{"@type":"BreadcrumbList","@id":"https:\/\/garinetiquetas.com\/blog\/2020\/01\/31\/etiquetas-para-cosmeticos-2\/#breadcrumb","itemListElement":[{"@type":"ListItem","position":1,"name":"Portada","item":"https:\/\/garinetiquetas.com\/blog\/"},{"@type":"ListItem","position":2,"name":"Etiquetas para cosm\u00e9ticos"}]},{"@type":"WebSite","@id":"https:\/\/garinetiquetas.com\/blog\/#website","url":"https:\/\/garinetiquetas.com\/blog\/","name":"Gar\u00edn Etiquetas","description":"Especialistas en la fabricaci\u00f3n de etiquetas","potentialAction":[{"@type":"SearchAction","target":{"@type":"EntryPoint","urlTemplate":"https:\/\/garinetiquetas.com\/blog\/?s={search_term_string}"},"query-input":{"@type":"PropertyValueSpecification","valueRequired":true,"valueName":"search_term_string"}}],"inLanguage":"es"},{"@type":"Person","@id":"https:\/\/garinetiquetas.com\/blog\/#\/schema\/person\/c5674262190938f7cadc119f02b54858","name":"garin","image":{"@type":"ImageObject","inLanguage":"es","@id":"https:\/\/secure.gravatar.com\/avatar\/7e3fd632d65ce2ab2c296c297120be7406be2f179acaf8af4ea1911af5edaae9?s=96&d=mm&r=g","url":"https:\/\/secure.gravatar.com\/avatar\/7e3fd632d65ce2ab2c296c297120be7406be2f179acaf8af4ea1911af5edaae9?s=96&d=mm&r=g","contentUrl":"https:\/\/secure.gravatar.com\/avatar\/7e3fd632d65ce2ab2c296c297120be7406be2f179acaf8af4ea1911af5edaae9?s=96&d=mm&r=g","caption":"garin"},"url":"https:\/\/garinetiquetas.com\/blog\/author\/garin\/"}]}},"_links":{"self":[{"href":"https:\/\/garinetiquetas.com\/blog\/wp-json\/wp\/v2\/posts\/633","targetHints":{"allow":["GET"]}}],"collection":[{"href":"https:\/\/garinetiquetas.com\/blog\/wp-json\/wp\/v2\/posts"}],"about":[{"href":"https:\/\/garinetiquetas.com\/blog\/wp-json\/wp\/v2\/types\/post"}],"author":[{"embeddable":true,"href":"https:\/\/garinetiquetas.com\/blog\/wp-json\/wp\/v2\/users\/1"}],"replies":[{"embeddable":true,"href":"https:\/\/garinetiquetas.com\/blog\/wp-json\/wp\/v2\/comments?post=633"}],"version-history":[{"count":3,"href":"https:\/\/garinetiquetas.com\/blog\/wp-json\/wp\/v2\/posts\/633\/revisions"}],"predecessor-version":[{"id":1410,"href":"https:\/\/garinetiquetas.com\/blog\/wp-json\/wp\/v2\/posts\/633\/revisions\/1410"}],"wp:featuredmedia":[{"embeddable":true,"href":"https:\/\/garinetiquetas.com\/blog\/wp-json\/wp\/v2\/media\/637"}],"wp:attachment":[{"href":"https:\/\/garinetiquetas.com\/blog\/wp-json\/wp\/v2\/media?parent=633"}],"wp:term":[{"taxonomy":"category","embeddable":true,"href":"https:\/\/garinetiquetas.com\/blog\/wp-json\/wp\/v2\/categories?post=633"},{"taxonomy":"post_tag","embeddable":true,"href":"https:\/\/garinetiquetas.com\/blog\/wp-json\/wp\/v2\/tags?post=633"}],"curies":[{"name":"wp","href":"https:\/\/api.w.org\/{rel}","templated":true}]}}